{"id":270,"date":"2019-12-14T12:58:39","date_gmt":"2019-12-14T11:58:39","guid":{"rendered":"http:\/\/www.theater-schenkon.ch\/Wordpress\/?p=270"},"modified":"2026-02-14T17:00:16","modified_gmt":"2026-02-14T16:00:16","slug":"hmmmm-fondue","status":"publish","type":"post","link":"https:\/\/www.theater-schenkon.ch\/Wordpress\/?p=270","title":{"rendered":"Hmmmm Fondue"},"content":{"rendered":"\n<p>Eine kleine Gruppe traf sich bei Pr\u00e4sident David Lischer zu einem gem\u00fctlichen <a href=\"http:\/\/www.theater-schenkon.ch\/Wordpress\/?page_id=262\">Fondue-Abend<\/a>. Besten Dank f\u00fcr das Gastrecht.<\/p>\n\n\n\n<figure class=\"wp-block-gallery has-nested-images columns-1 is-cropped wp-block-gallery-1 is-layout-flex wp-block-gallery-is-layout-flex\">\n<figure class=\"wp-block-image\"><img loading=\"lazy\" decoding=\"async\" width=\"1024\" height=\"768\" data-id=\"266\" src=\"https:\/\/www.theater-schenkon.ch\/Wordpress\/wp-content\/uploads\/2019\/12\/IMG-20191214-WA0001-1-1024x768.jpg\" alt=\"\" class=\"wp-image-266\" srcset=\"https:\/\/www.theater-schenkon.ch\/Wordpress\/wp-content\/uploads\/2019\/12\/IMG-20191214-WA0001-1-1024x768.jpg 1024w, https:\/\/www.theater-schenkon.ch\/Wordpress\/wp-content\/uploads\/2019\/12\/IMG-20191214-WA0001-1-300x225.jpg 300w, https:\/\/www.theater-schenkon.ch\/Wordpress\/wp-content\/uploads\/2019\/12\/IMG-20191214-WA0001-1-768x576.jpg 768w, https:\/\/www.theater-schenkon.ch\/Wordpress\/wp-content\/uploads\/2019\/12\/IMG-20191214-WA0001-1.jpg 2048w\" sizes=\"(max-width: 1024px) 100vw, 1024px\" \/><\/figure>\n<\/figure>\n","protected":false},"excerpt":{"rendered":"<p>Eine kleine Gruppe traf sich bei Pr\u00e4sident David Lischer zu einem gem\u00fctlichen Fondue-Abend. Besten Dank f\u00fcr das Gastrecht.<\/p>\n","protected":false},"author":1,"featured_media":0,"comment_status":"closed","ping_status":"open","sticky":false,"template":"","format":"standard","meta":{"footnotes":""},"categories":[11],"tags":[],"_links":{"self":[{"href":"https:\/\/www.theater-schenkon.ch\/Wordpress\/index.php?rest_route=\/wp\/v2\/posts\/270"}],"collection":[{"href":"https:\/\/www.theater-schenkon.ch\/Wordpress\/index.php?rest_route=\/wp\/v2\/posts"}],"about":[{"href":"https:\/\/www.theater-schenkon.ch\/Wordpress\/index.php?rest_route=\/wp\/v2\/types\/post"}],"author":[{"embeddable":true,"href":"https:\/\/www.theater-schenkon.ch\/Wordpress\/index.php?rest_route=\/wp\/v2\/users\/1"}],"replies":[{"embeddable":true,"href":"https:\/\/www.theater-schenkon.ch\/Wordpress\/index.php?rest_route=%2Fwp%2Fv2%2Fcomments&post=270"}],"version-history":[{"count":4,"href":"https:\/\/www.theater-schenkon.ch\/Wordpress\/index.php?rest_route=\/wp\/v2\/posts\/270\/revisions"}],"predecessor-version":[{"id":453,"href":"https:\/\/www.theater-schenkon.ch\/Wordpress\/index.php?rest_route=\/wp\/v2\/posts\/270\/revisions\/453"}],"wp:attachment":[{"href":"https:\/\/www.theater-schenkon.ch\/Wordpress\/index.php?rest_route=%2Fwp%2Fv2%2Fmedia&parent=270"}],"wp:term":[{"taxonomy":"category","embeddable":true,"href":"https:\/\/www.theater-schenkon.ch\/Wordpress\/index.php?rest_route=%2Fwp%2Fv2%2Fcategories&post=270"},{"taxonomy":"post_tag","embeddable":true,"href":"https:\/\/www.theater-schenkon.ch\/Wordpress\/index.php?rest_route=%2Fwp%2Fv2%2Ftags&post=270"}],"curies":[{"name":"wp","href":"https:\/\/api.w.org\/{rel}","templated":true}]}}